{"id":987,"date":"2015-04-21T09:15:47","date_gmt":"2015-04-21T09:15:47","guid":{"rendered":"http:\/\/miradordeatarfe.es\/?p=987"},"modified":"2015-04-22T07:52:44","modified_gmt":"2015-04-22T07:52:44","slug":"odio-los-radicalismos-por-manuel-sierra","status":"publish","type":"post","link":"https:\/\/miradordeatarfe.es\/?p=987","title":{"rendered":"\u00abODIO LOS RADICALISMOS\u00bb por Manuel Sierra"},"content":{"rendered":"<p>Odio los radicalismos, aborrezco los fanatismos, y como no soy en absoluto radical en nada, acepto que puede que lo sea en alguna cuesti\u00f3n.<\/p>\n<p>No entiendo a los integristas y fan\u00e1ticos, ya sean religiosos, pol\u00edticos, econ\u00f3micos, deportivos, culturales o de otro tipo; no soporto a quienes se atribuyen el orden verdadero, la suprema potestad de decisi\u00f3n y ejecuci\u00f3n, dej\u00e1ndonos a los dem\u00e1s en una posici\u00f3n de <em>laissez faire, que todos no somos iguales<\/em>.<\/p>\n<p>Me duele sobremanera el hecho de que un ser humano atropelle a otro, por algo tan intangible o tan inane como los colores de un club, la bandera de un pa\u00eds, o en nombre de cualquier Dios. \u00bfDe verdad alguien es capaz de pensar que a Dios le agrada que acabemos muriendo o matando en su nombre? \u00bfCreeis que Dios, del que dicen es responsable del vasto universo, no tiene otra cosa que hacer que estar pendiente de millones de personas, en un planeta min\u00fasculo de un sistema perif\u00e9rico, que no paran de fastidiarse unos a otros en su nombre, a lo largo de toda la historia que nos contempla? Cuando nosotros construimos algo, \u00bfno es para que dure? \u00bfpor qu\u00e9 el iba a ser diferente si nos hizo \u201ca su imagen y semejanza\u201d?<\/p>\n<p>Pensar que se pueda ganar un para\u00edso y conseguir estar m\u00e1s cerca del Ser Superior en funci\u00f3n del n\u00famero de personas a quienes mate, me parece, adem\u00e1s de una majader\u00eda macabra digna de un cuento para asustar a los ni\u00f1os, un ejercicio perverso de autoridad mental sobre unos pobres desgraciados que a falta de tener cubiertas sus necesidades en esta vida, lo f\u00edan todo a conseguir para ellos y su familia lo mejor en la que creen que vendr\u00e1 despu\u00e9s del final.<\/p>\n<p>El problema reside en que la mayor\u00eda del pueblo piensa y siente de forma no radical, pero el miedo a se\u00f1alarse y a ser denunciado por vecinos, amigos o familiares, les hace adoptar una apariencia radicalista, para que su familia no sufra lo que otras familias han sufrido, ya que, en el fondo no sabemos si esta es la \u00fanica vida que tendremos y despu\u00e9s, puede que haya o puede que no, algo mejor, algo siquiera, por lo que merezca la pena este sufrimiento.<\/p>\n<p>Infiel es una expresi\u00f3n utilizada en estos d\u00edas a menudo en los medios de comunicaci\u00f3n, por parte de los terroristas isl\u00e1micos, identificando de paso posibles objetivos de sus \u201chaza\u00f1as\u201d de terror y muerte. Es curioso, para el mundo occidental, esa palabra tiene m\u00e1s connotaciones taurinas que religiosas, en una alusi\u00f3n a adornos puntiagudos, que normalmente siempre ven antes los dem\u00e1s que el que los lleva.<\/p>\n<p>Pero no son s\u00f3lo los fan\u00e1ticos religiosos los que me preocupan; puede que s\u00ed los que m\u00e1s, porque te pilla en mitad de una trifulca y tan dao por culo, pero como digo, hay otros radicalismos preocupantes que crean inseguridad, tensiones, malestar, indignaci\u00f3n, desesperanza en definitiva: son los radicalismos de andar por casa, el automovilista que pone su vida y la tuya en jaque; el aficionado deportivo que es capaz de dejar malherido a un pobre chaval s\u00f3lo porque lleva puesta la camiseta del equipo rival; el pol\u00edtico que, para esconder su mierda de gesti\u00f3n, plagada de mentiras e irregularidades, insulta y provoca a todo el mundo que ose dudar de su honorabilidad, haci\u00e9ndose la v\u00edctima de un acoso que s\u00f3lo \u00e9l ha provocado; el militar que a\u00f1ora \u00e9pocas pasadas donde en nombre de la seguridad ciudadana, se daba carta blanca al ensa\u00f1amiento contra quienes pensaban diferente, eran diferentes; finalmente, como ves, hay muchas posturas que no me gustan de determinada gentuza, y aunque lo importante en la vida es tener la suerte de no cruzarte con alguna de ellas, lo es m\u00e1s, infinitamente m\u00e1s, tener los amigos que tengo, en los que se que puedo apoyarme en caso de que (Dios no lo quiera) la vida las traiga dobladas.<\/p>\n","protected":false},"excerpt":{"rendered":"<p>Odio los radicalismos, aborrezco los fanatismos, y como no soy en absoluto radical en nada,&#8230;<\/p>\n","protected":false},"author":1,"featured_media":989,"comment_status":"closed","ping_status":"closed","sticky":false,"template":"","format":"standard","meta":{"_coblocks_attr":"","_coblocks_dimensions":"","_coblocks_responsive_height":"","_coblocks_accordion_ie_support":"","jetpack_post_was_ever_published":false,"_jetpack_newsletter_access":"","_jetpack_dont_email_post_to_subs":false,"_jetpack_newsletter_tier_id":0,"_jetpack_memberships_contains_paywalled_content":false,"_jetpack_memberships_contains_paid_content":false,"footnotes":"","jetpack_publicize_message":"","jetpack_publicize_feature_enabled":true,"jetpack_social_post_already_shared":false,"jetpack_social_options":{"image_generator_settings":{"template":"highway","default_image_id":0,"enabled":false},"version":2}},"categories":[37,9,15],"tags":[422],"class_list":["post-987","post","type-post","status-publish","format-standard","has-post-thumbnail","hentry","category-opinion-de-manuel-sierra","category-medio-ambiente","category-ultimas-noticias","tag-radicalismos"],"jetpack_publicize_connections":[],"jetpack_featured_media_url":"https:\/\/i0.wp.com\/miradordeatarfe.es\/wp-content\/uploads\/2015\/04\/rad.jpg?fit=258%2C196&ssl=1","jetpack_likes_enabled":true,"jetpack_sharing_enabled":true,"_links":{"self":[{"href":"https:\/\/miradordeatarfe.es\/index.php?rest_route=\/wp\/v2\/posts\/987","targetHints":{"allow":["GET"]}}],"collection":[{"href":"https:\/\/miradordeatarfe.es\/index.php?rest_route=\/wp\/v2\/posts"}],"about":[{"href":"https:\/\/miradordeatarfe.es\/index.php?rest_route=\/wp\/v2\/types\/post"}],"author":[{"embeddable":true,"href":"https:\/\/miradordeatarfe.es\/index.php?rest_route=\/wp\/v2\/users\/1"}],"replies":[{"embeddable":true,"href":"https:\/\/miradordeatarfe.es\/index.php?rest_route=%2Fwp%2Fv2%2Fcomments&post=987"}],"version-history":[{"count":1,"href":"https:\/\/miradordeatarfe.es\/index.php?rest_route=\/wp\/v2\/posts\/987\/revisions"}],"predecessor-version":[{"id":988,"href":"https:\/\/miradordeatarfe.es\/index.php?rest_route=\/wp\/v2\/posts\/987\/revisions\/988"}],"wp:featuredmedia":[{"embeddable":true,"href":"https:\/\/miradordeatarfe.es\/index.php?rest_route=\/wp\/v2\/media\/989"}],"wp:attachment":[{"href":"https:\/\/miradordeatarfe.es\/index.php?rest_route=%2Fwp%2Fv2%2Fmedia&parent=987"}],"wp:term":[{"taxonomy":"category","embeddable":true,"href":"https:\/\/miradordeatarfe.es\/index.php?rest_route=%2Fwp%2Fv2%2Fcategories&post=987"},{"taxonomy":"post_tag","embeddable":true,"href":"https:\/\/miradordeatarfe.es\/index.php?rest_route=%2Fwp%2Fv2%2Ftags&post=987"}],"curies":[{"name":"wp","href":"https:\/\/api.w.org\/{rel}","templated":true}]}}